{"id":68722,"date":"2023-06-05T08:45:34","date_gmt":"2023-06-05T12:45:34","guid":{"rendered":"https:\/\/cablemanpro.com\/wallstreetpr\/elon-musk-farmers-torch-ireland-government-proposal-to-slaughter-200k-cows-to-meet-eu-climate-change-goals-68722"},"modified":"2023-06-05T08:45:34","modified_gmt":"2023-06-05T12:45:34","slug":"elon-musk-farmers-torch-ireland-government-proposal-to-slaughter-200k-cows-to-meet-eu-climate-change-goals","status":"publish","type":"post","link":"https:\/\/cablemanpro.com\/wallstreetpr\/elon-musk-farmers-torch-ireland-government-proposal-to-slaughter-200k-cows-to-meet-eu-climate-change-goals-68722","title":{"rendered":"Elon Musk, farmers torch Ireland government proposal to slaughter 200K cows to meet EU climate change goals"},"content":{"rendered":"<div>\n<p>Elon Musk weighed in over the weekend on reports of a proposal by Ireland\u2019s government to slaughter roughly 200,000 cows in order to meet the European Union\u2019s climate change goals.\u00a0<\/p>\n<p>&#8220;This really needs to stop. Killing some cows doesn\u2019t matter for climate change,&#8221; Musk tweeted Saturday, responding to author Ashley St. Clair.\u00a0<\/p>\n<p>St. Clair had tweeted an editorial published by Cowboy State Daily titled, &#8220;Ireland Looking To Kill 200,000 Cows To Fight Climate Change; Are US Herds Next?&#8221;\u00a0<\/p>\n<p>The Telegraph, the national British newspaper, recently reported that <a href=\"https:\/\/www.foxnews.com\/category\/world\/world-regions\/ireland\" target=\"_blank\" rel=\"noopener\">the Irish government<\/a> is considering a plan to cull 200,000 cattle amid pressure from Brussels.\u00a0<\/p>\n<p><a href=\"https:\/\/www.foxnews.com\/world\/european-farmers-fed-climate-policies-shock-political-establishment\" target=\"_blank\" rel=\"noopener\"><strong>EUROPEAN FARMERS FED UP WITH CLIMATE POLICIES SHOCK POLITICAL ESTABLISHMENT\u00a0<\/strong><\/a><\/p>\n<p>According to the newspaper, one option being considered by the Irish <a href=\"https:\/\/www.foxbusiness.com\/category\/agriculture\" target=\"_blank\" rel=\"noopener\">Department of Agriculture<\/a> to reduce emissions from farming by a quarter by 2030 is to initiate a cull of 65,000 cows a year for three years, effectively reducing the national dairy herd by 10%. The proposal reportedly would be offered as a voluntary option to aging farmers as a &#8220;retirement exit scheme.&#8221;\u00a0<\/p>\n<p>The Irish Department of Agriculture has since said reports were referring to a &#8220;modeling document&#8221; included in a &#8220;deliberative process,&#8221; but no final plans have been agreed upon.\u00a0<\/p>\n<p>&#8220;Reports like this only serve to further fuel the view that the government is working behind the scenes to undermine our dairy and livestock sectors,&#8221; Tim Cullinan, president of the Irish Farmers\u2019 Association, told The Telegraph, warning that beef production would simply shift out of the country if the plan were to be enforced. &#8220;While there may well be some farmers who wish to exit the sector, we should all be focusing on providing a pathway for the next generation to get into farming.&#8221;\u00a0<\/p>\n<p>&#8220;We\u2019re the one industry with a significant roadmap, and, to be quite honest with you, our herd isn\u2019t any larger than it was 25 to 30 years ago,&#8221; Pat McCormack, president of the Irish Creamery Milk Suppliers Association, added. &#8220;Can the same be said for the transport industry, can the same be said for the aviation industry?&#8221;<\/p>\n<p><a href=\"https:\/\/www.foxnews.com\/media\/farmer-speaks-out-against-forcing-cows-wear-diapers-contain-methane-emissions-loony-town\" target=\"_blank\" rel=\"noopener\"><strong>FARMER SPEAKS OUT AGAINST FORCING COWS TO WEAR DIAPERS TO CONTAIN METHANE EMISSIONS: &#8216;GONE TO LOONY TOWN&#8217;<\/strong><\/a><\/p>\n<p>The Irish Independent first reported about the Irish Department of Agriculture document, revealing \u20ac5,000 compensation per cow was being proposed.\u00a0<\/p>\n<p>Irish politician Peadar T\u00f3ib\u00edn, the Aont\u00fa party leader, spoke before <a href=\"https:\/\/www.foxnews.com\/world\/sinn-fein-gains-record-wins-northern-ireland-local-elections-encouraging-return-government\" target=\"_blank\" rel=\"noopener\">the Irish Parliament<\/a> last week, citing figures from the Farming Independent showing 200,000 cattle to be culled by 2025.\u00a0<\/p>\n<p>&#8220;Just a year and half\u2019s time. It\u2019s an incredible threat to the farming sector at a cost of about \u20ac600 million. Now, a full 25% of beef that\u2019s being imported into the European Union is now <a href=\"https:\/\/www.foxnews.com\/category\/world\/world-regions\/brazil\" target=\"_blank\" rel=\"noopener\">coming from Brazil,&#8221;<\/a> T\u00f3ib\u00edn said during a May 30 session. &#8220;How is it environmentally friendly to kill large swathes of the Amazon, import that beef from Brazil to substitute for Irish beef that\u2019s been culled here in this state. It\u2019s a significant threat hanging over farmers in this country, and we must have a debate crystallizing exactly what the plan of this government is.&#8221;<\/p>\n<p>&#8220;The Irish know about this from the potato famine,&#8221; Australian geologist Ian Plimer told Sky News of the reported plan for Irish cattle. &#8220;A third of their population died, a third emigrated, and the same thing will happen. They will lose productive people from Ireland, and they\u2019ll go somewhere else.&#8221; Plimer added that the proposal would &#8220;only end in disaster.&#8221;\u00a0<\/p>\n<p>In an opinion piece, The Telegraph\u2019s Jamie Blackett warned, &#8220;It seems increasingly clear that there is an eco-modernist agenda to do away with conventional meat altogether. It\u2019s not just the Extinction Rebellion mob, either; many of the world\u2019s politicians are on board.&#8221;<\/p>\n<p>&#8220;It\u2019s very fortunate we\u2019re out of the EU or we could be facing the same <a href=\"https:\/\/www.foxnews.com\/category\/topic\/the-european-union\" target=\"_blank\" rel=\"noopener\">pressure from Brussels.<\/a> Now, we can only hope that Rishi Sunak, who represents a heavily rural constituency in the Yorkshire Dales, understands what\u2019s at stake for farming communities,&#8221; Blackett wrote.\u00a0<\/p>\n<\/div>\n<p><a href=\"https:\/\/www.foxnews.com\/world\/elon-musk-farmers-torch-ireland-government-proposal-slaughter-200k-cows-meet-eu-climate-change-goals\">Source &#8211; https:\/\/www.foxnews.com\/world\/elon-musk-farmers-torch-ireland-government-proposal-slaughter-200k-cows-meet-eu-climate-change-goals <\/a><\/p>\n","protected":false},"excerpt":{"rendered":"<p>Elon Musk weighed in over the weekend on reports of a proposal by Ireland\u2019s government to slaughter roughly 200,000 cows in order to meet the [&hellip;]<\/p>\n","protected":false},"author":1,"featured_media":0,"comment_status":"closed","ping_status":"closed","sticky":false,"template":"","format":"standard","meta":{"rop_custom_images_group":[],"rop_custom_messages_group":[],"rop_publish_now":"initial","rop_publish_now_accounts":{"twitter_2902945987_2902945987":""},"rop_publish_now_history":[],"rop_publish_now_status":"pending","footnotes":""},"categories":[16563],"tags":[],"stock_ticker":[],"class_list":["post-68722","post","type-post","status-publish","format-standard","hentry","category-market-news","entry"],"acf":[],"yoast_head":"<!-- This site is optimized with the Yoast SEO plugin v26.9 - https:\/\/yoast.com\/product\/yoast-seo-wordpress\/ -->\n<title>Elon Musk, farmers torch Ireland government proposal to slaughter 200K cows to meet EU climate change goals - Wall Street PR<\/title>\n<meta name=\"robots\" content=\"index, follow, max-snippet:-1, max-image-preview:large, max-video-preview:-1\" \/>\n<link rel=\"canonical\" href=\"https:\/\/cablemanpro.com\/wallstreetpr\/elon-musk-farmers-torch-ireland-government-proposal-to-slaughter-200k-cows-to-meet-eu-climate-change-goals-68722\" \/>\n<meta property=\"og:locale\" content=\"en_US\" \/>\n<meta property=\"og:type\" content=\"article\" \/>\n<meta property=\"og:title\" content=\"Elon Musk, farmers torch Ireland government proposal to slaughter 200K cows to meet EU climate change goals - Wall Street PR\" \/>\n<meta property=\"og:description\" content=\"Elon Musk weighed in over the weekend on reports of a proposal by Ireland\u2019s government to slaughter roughly 200,000 cows in order to meet the [&hellip;]\" \/>\n<meta property=\"og:url\" content=\"https:\/\/cablemanpro.com\/wallstreetpr\/elon-musk-farmers-torch-ireland-government-proposal-to-slaughter-200k-cows-to-meet-eu-climate-change-goals-68722\" \/>\n<meta property=\"og:site_name\" content=\"Wall Street PR\" \/>\n<meta property=\"article:publisher\" content=\"https:\/\/www.facebook.com\/WallStreetPR\/\" \/>\n<meta property=\"article:published_time\" content=\"2023-06-05T12:45:34+00:00\" \/>\n<meta property=\"og:image\" content=\"https:\/\/cablemanpro.com\/wallstreetpr\/wp-content\/uploads\/2021\/06\/businessman-showing-business-evolution1.jpg\" \/>\n\t<meta property=\"og:image:width\" content=\"715\" \/>\n\t<meta property=\"og:image:height\" content=\"423\" \/>\n\t<meta property=\"og:image:type\" content=\"image\/jpeg\" \/>\n<meta name=\"author\" content=\"admin\" \/>\n<meta name=\"twitter:label1\" content=\"Written by\" \/>\n\t<meta name=\"twitter:data1\" content=\"admin\" \/>\n\t<meta name=\"twitter:label2\" content=\"Est. reading time\" \/>\n\t<meta name=\"twitter:data2\" content=\"3 minutes\" \/>\n<script type=\"application\/ld+json\" class=\"yoast-schema-graph\">{\"@context\":\"https:\/\/schema.org\",\"@graph\":[{\"@type\":\"Article\",\"@id\":\"https:\/\/cablemanpro.com\/wallstreetpr\/elon-musk-farmers-torch-ireland-government-proposal-to-slaughter-200k-cows-to-meet-eu-climate-change-goals-68722#article\",\"isPartOf\":{\"@id\":\"https:\/\/cablemanpro.com\/wallstreetpr\/elon-musk-farmers-torch-ireland-government-proposal-to-slaughter-200k-cows-to-meet-eu-climate-change-goals-68722\"},\"author\":{\"name\":\"admin\",\"@id\":\"https:\/\/cablemanpro.com\/wallstreetpr\/#\/schema\/person\/6e00efa2abc413bdc0bca51a90c54d36\"},\"headline\":\"Elon Musk, farmers torch Ireland government proposal to slaughter 200K cows to meet EU climate change goals\",\"datePublished\":\"2023-06-05T12:45:34+00:00\",\"mainEntityOfPage\":{\"@id\":\"https:\/\/cablemanpro.com\/wallstreetpr\/elon-musk-farmers-torch-ireland-government-proposal-to-slaughter-200k-cows-to-meet-eu-climate-change-goals-68722\"},\"wordCount\":690,\"publisher\":{\"@id\":\"https:\/\/cablemanpro.com\/wallstreetpr\/#organization\"},\"articleSection\":[\"Market News\"],\"inLanguage\":\"en-US\"},{\"@type\":\"WebPage\",\"@id\":\"https:\/\/cablemanpro.com\/wallstreetpr\/elon-musk-farmers-torch-ireland-government-proposal-to-slaughter-200k-cows-to-meet-eu-climate-change-goals-68722\",\"url\":\"https:\/\/cablemanpro.com\/wallstreetpr\/elon-musk-farmers-torch-ireland-government-proposal-to-slaughter-200k-cows-to-meet-eu-climate-change-goals-68722\",\"name\":\"Elon Musk, farmers torch Ireland government proposal to slaughter 200K cows to meet EU climate change goals - Wall Street PR\",\"isPartOf\":{\"@id\":\"https:\/\/cablemanpro.com\/wallstreetpr\/#website\"},\"datePublished\":\"2023-06-05T12:45:34+00:00\",\"breadcrumb\":{\"@id\":\"https:\/\/cablemanpro.com\/wallstreetpr\/elon-musk-farmers-torch-ireland-government-proposal-to-slaughter-200k-cows-to-meet-eu-climate-change-goals-68722#breadcrumb\"},\"inLanguage\":\"en-US\",\"potentialAction\":[{\"@type\":\"ReadAction\",\"target\":[\"https:\/\/cablemanpro.com\/wallstreetpr\/elon-musk-farmers-torch-ireland-government-proposal-to-slaughter-200k-cows-to-meet-eu-climate-change-goals-68722\"]}]},{\"@type\":\"BreadcrumbList\",\"@id\":\"https:\/\/cablemanpro.com\/wallstreetpr\/elon-musk-farmers-torch-ireland-government-proposal-to-slaughter-200k-cows-to-meet-eu-climate-change-goals-68722#breadcrumb\",\"itemListElement\":[{\"@type\":\"ListItem\",\"position\":1,\"name\":\"Home\",\"item\":\"https:\/\/cablemanpro.com\/wallstreetpr\/\"},{\"@type\":\"ListItem\",\"position\":2,\"name\":\"Elon Musk, farmers torch Ireland government proposal to slaughter 200K cows to meet EU climate change goals\"}]},{\"@type\":\"WebSite\",\"@id\":\"https:\/\/cablemanpro.com\/wallstreetpr\/#website\",\"url\":\"https:\/\/cablemanpro.com\/wallstreetpr\/\",\"name\":\"Wall Street PR\",\"description\":\"Latest News From WallStreet\",\"publisher\":{\"@id\":\"https:\/\/cablemanpro.com\/wallstreetpr\/#organization\"},\"potentialAction\":[{\"@type\":\"SearchAction\",\"target\":{\"@type\":\"EntryPoint\",\"urlTemplate\":\"https:\/\/cablemanpro.com\/wallstreetpr\/?s={search_term_string}\"},\"query-input\":{\"@type\":\"PropertyValueSpecification\",\"valueRequired\":true,\"valueName\":\"search_term_string\"}}],\"inLanguage\":\"en-US\"},{\"@type\":\"Organization\",\"@id\":\"https:\/\/cablemanpro.com\/wallstreetpr\/#organization\",\"name\":\"Wall Street PR\",\"url\":\"https:\/\/cablemanpro.com\/wallstreetpr\/\",\"logo\":{\"@type\":\"ImageObject\",\"inLanguage\":\"en-US\",\"@id\":\"https:\/\/cablemanpro.com\/wallstreetpr\/#\/schema\/logo\/image\/\",\"url\":\"https:\/\/cablemanpro.com\/wallstreetpr\/wp-content\/uploads\/2019\/10\/brand-logo.png\",\"contentUrl\":\"https:\/\/cablemanpro.com\/wallstreetpr\/wp-content\/uploads\/2019\/10\/brand-logo.png\",\"width\":537,\"height\":70,\"caption\":\"Wall Street PR\"},\"image\":{\"@id\":\"https:\/\/cablemanpro.com\/wallstreetpr\/#\/schema\/logo\/image\/\"},\"sameAs\":[\"https:\/\/www.facebook.com\/WallStreetPR\/\",\"https:\/\/x.com\/WallstreetPRs\"]},{\"@type\":\"Person\",\"@id\":\"https:\/\/cablemanpro.com\/wallstreetpr\/#\/schema\/person\/6e00efa2abc413bdc0bca51a90c54d36\",\"name\":\"admin\",\"image\":{\"@type\":\"ImageObject\",\"inLanguage\":\"en-US\",\"@id\":\"https:\/\/cablemanpro.com\/wallstreetpr\/#\/schema\/person\/image\/\",\"url\":\"https:\/\/cablemanpro.com\/wallstreetpr\/wp-content\/uploads\/2022\/09\/360_F_336393115_5gCUfwn76x3MJaCJMYDKLoRebkC8QyrL-300x300.jpg\",\"contentUrl\":\"https:\/\/cablemanpro.com\/wallstreetpr\/wp-content\/uploads\/2022\/09\/360_F_336393115_5gCUfwn76x3MJaCJMYDKLoRebkC8QyrL-300x300.jpg\",\"caption\":\"admin\"},\"url\":\"https:\/\/cablemanpro.com\/wallstreetpr\/author\/admin\"}]}<\/script>\n<!-- \/ Yoast SEO plugin. -->","yoast_head_json":{"title":"Elon Musk, farmers torch Ireland government proposal to slaughter 200K cows to meet EU climate change goals - Wall Street PR","robots":{"index":"index","follow":"follow","max-snippet":"max-snippet:-1","max-image-preview":"max-image-preview:large","max-video-preview":"max-video-preview:-1"},"canonical":"https:\/\/cablemanpro.com\/wallstreetpr\/elon-musk-farmers-torch-ireland-government-proposal-to-slaughter-200k-cows-to-meet-eu-climate-change-goals-68722","og_locale":"en_US","og_type":"article","og_title":"Elon Musk, farmers torch Ireland government proposal to slaughter 200K cows to meet EU climate change goals - Wall Street PR","og_description":"Elon Musk weighed in over the weekend on reports of a proposal by Ireland\u2019s government to slaughter roughly 200,000 cows in order to meet the [&hellip;]","og_url":"https:\/\/cablemanpro.com\/wallstreetpr\/elon-musk-farmers-torch-ireland-government-proposal-to-slaughter-200k-cows-to-meet-eu-climate-change-goals-68722","og_site_name":"Wall Street PR","article_publisher":"https:\/\/www.facebook.com\/WallStreetPR\/","article_published_time":"2023-06-05T12:45:34+00:00","og_image":[{"width":715,"height":423,"url":"https:\/\/cablemanpro.com\/wallstreetpr\/wp-content\/uploads\/2021\/06\/businessman-showing-business-evolution1.jpg","type":"image\/jpeg"}],"author":"admin","twitter_misc":{"Written by":"admin","Est. reading time":"3 minutes"},"schema":{"@context":"https:\/\/schema.org","@graph":[{"@type":"Article","@id":"https:\/\/cablemanpro.com\/wallstreetpr\/elon-musk-farmers-torch-ireland-government-proposal-to-slaughter-200k-cows-to-meet-eu-climate-change-goals-68722#article","isPartOf":{"@id":"https:\/\/cablemanpro.com\/wallstreetpr\/elon-musk-farmers-torch-ireland-government-proposal-to-slaughter-200k-cows-to-meet-eu-climate-change-goals-68722"},"author":{"name":"admin","@id":"https:\/\/cablemanpro.com\/wallstreetpr\/#\/schema\/person\/6e00efa2abc413bdc0bca51a90c54d36"},"headline":"Elon Musk, farmers torch Ireland government proposal to slaughter 200K cows to meet EU climate change goals","datePublished":"2023-06-05T12:45:34+00:00","mainEntityOfPage":{"@id":"https:\/\/cablemanpro.com\/wallstreetpr\/elon-musk-farmers-torch-ireland-government-proposal-to-slaughter-200k-cows-to-meet-eu-climate-change-goals-68722"},"wordCount":690,"publisher":{"@id":"https:\/\/cablemanpro.com\/wallstreetpr\/#organization"},"articleSection":["Market News"],"inLanguage":"en-US"},{"@type":"WebPage","@id":"https:\/\/cablemanpro.com\/wallstreetpr\/elon-musk-farmers-torch-ireland-government-proposal-to-slaughter-200k-cows-to-meet-eu-climate-change-goals-68722","url":"https:\/\/cablemanpro.com\/wallstreetpr\/elon-musk-farmers-torch-ireland-government-proposal-to-slaughter-200k-cows-to-meet-eu-climate-change-goals-68722","name":"Elon Musk, farmers torch Ireland government proposal to slaughter 200K cows to meet EU climate change goals - Wall Street PR","isPartOf":{"@id":"https:\/\/cablemanpro.com\/wallstreetpr\/#website"},"datePublished":"2023-06-05T12:45:34+00:00","breadcrumb":{"@id":"https:\/\/cablemanpro.com\/wallstreetpr\/elon-musk-farmers-torch-ireland-government-proposal-to-slaughter-200k-cows-to-meet-eu-climate-change-goals-68722#breadcrumb"},"inLanguage":"en-US","potentialAction":[{"@type":"ReadAction","target":["https:\/\/cablemanpro.com\/wallstreetpr\/elon-musk-farmers-torch-ireland-government-proposal-to-slaughter-200k-cows-to-meet-eu-climate-change-goals-68722"]}]},{"@type":"BreadcrumbList","@id":"https:\/\/cablemanpro.com\/wallstreetpr\/elon-musk-farmers-torch-ireland-government-proposal-to-slaughter-200k-cows-to-meet-eu-climate-change-goals-68722#breadcrumb","itemListElement":[{"@type":"ListItem","position":1,"name":"Home","item":"https:\/\/cablemanpro.com\/wallstreetpr\/"},{"@type":"ListItem","position":2,"name":"Elon Musk, farmers torch Ireland government proposal to slaughter 200K cows to meet EU climate change goals"}]},{"@type":"WebSite","@id":"https:\/\/cablemanpro.com\/wallstreetpr\/#website","url":"https:\/\/cablemanpro.com\/wallstreetpr\/","name":"Wall Street PR","description":"Latest News From WallStreet","publisher":{"@id":"https:\/\/cablemanpro.com\/wallstreetpr\/#organization"},"potentialAction":[{"@type":"SearchAction","target":{"@type":"EntryPoint","urlTemplate":"https:\/\/cablemanpro.com\/wallstreetpr\/?s={search_term_string}"},"query-input":{"@type":"PropertyValueSpecification","valueRequired":true,"valueName":"search_term_string"}}],"inLanguage":"en-US"},{"@type":"Organization","@id":"https:\/\/cablemanpro.com\/wallstreetpr\/#organization","name":"Wall Street PR","url":"https:\/\/cablemanpro.com\/wallstreetpr\/","logo":{"@type":"ImageObject","inLanguage":"en-US","@id":"https:\/\/cablemanpro.com\/wallstreetpr\/#\/schema\/logo\/image\/","url":"https:\/\/cablemanpro.com\/wallstreetpr\/wp-content\/uploads\/2019\/10\/brand-logo.png","contentUrl":"https:\/\/cablemanpro.com\/wallstreetpr\/wp-content\/uploads\/2019\/10\/brand-logo.png","width":537,"height":70,"caption":"Wall Street PR"},"image":{"@id":"https:\/\/cablemanpro.com\/wallstreetpr\/#\/schema\/logo\/image\/"},"sameAs":["https:\/\/www.facebook.com\/WallStreetPR\/","https:\/\/x.com\/WallstreetPRs"]},{"@type":"Person","@id":"https:\/\/cablemanpro.com\/wallstreetpr\/#\/schema\/person\/6e00efa2abc413bdc0bca51a90c54d36","name":"admin","image":{"@type":"ImageObject","inLanguage":"en-US","@id":"https:\/\/cablemanpro.com\/wallstreetpr\/#\/schema\/person\/image\/","url":"https:\/\/cablemanpro.com\/wallstreetpr\/wp-content\/uploads\/2022\/09\/360_F_336393115_5gCUfwn76x3MJaCJMYDKLoRebkC8QyrL-300x300.jpg","contentUrl":"https:\/\/cablemanpro.com\/wallstreetpr\/wp-content\/uploads\/2022\/09\/360_F_336393115_5gCUfwn76x3MJaCJMYDKLoRebkC8QyrL-300x300.jpg","caption":"admin"},"url":"https:\/\/cablemanpro.com\/wallstreetpr\/author\/admin"}]}},"_links":{"self":[{"href":"https:\/\/cablemanpro.com\/wallstreetpr\/wp-json\/wp\/v2\/posts\/68722","targetHints":{"allow":["GET"]}}],"collection":[{"href":"https:\/\/cablemanpro.com\/wallstreetpr\/wp-json\/wp\/v2\/posts"}],"about":[{"href":"https:\/\/cablemanpro.com\/wallstreetpr\/wp-json\/wp\/v2\/types\/post"}],"author":[{"embeddable":true,"href":"https:\/\/cablemanpro.com\/wallstreetpr\/wp-json\/wp\/v2\/users\/1"}],"replies":[{"embeddable":true,"href":"https:\/\/cablemanpro.com\/wallstreetpr\/wp-json\/wp\/v2\/comments?post=68722"}],"version-history":[{"count":0,"href":"https:\/\/cablemanpro.com\/wallstreetpr\/wp-json\/wp\/v2\/posts\/68722\/revisions"}],"wp:attachment":[{"href":"https:\/\/cablemanpro.com\/wallstreetpr\/wp-json\/wp\/v2\/media?parent=68722"}],"wp:term":[{"taxonomy":"category","embeddable":true,"href":"https:\/\/cablemanpro.com\/wallstreetpr\/wp-json\/wp\/v2\/categories?post=68722"},{"taxonomy":"post_tag","embeddable":true,"href":"https:\/\/cablemanpro.com\/wallstreetpr\/wp-json\/wp\/v2\/tags?post=68722"},{"taxonomy":"stock_ticker","embeddable":true,"href":"https:\/\/cablemanpro.com\/wallstreetpr\/wp-json\/wp\/v2\/stock_ticker?post=68722"}],"curies":[{"name":"wp","href":"https:\/\/api.w.org\/{rel}","templated":true}]}}